{"id":7707,"date":"2022-02-01T08:30:08","date_gmt":"2022-02-01T08:30:08","guid":{"rendered":"https:\/\/www.civile.es\/bim-mestrado-em-engenharia-civil-3a-edicao\/"},"modified":"2025-05-23T07:14:54","modified_gmt":"2025-05-23T07:14:54","slug":"bim-mestrado-em-engenharia-civil-3a-edicao","status":"publish","type":"post","link":"https:\/\/www.civile.es\/pt-pt\/bim-mestrado-em-engenharia-civil-3a-edicao\/","title":{"rendered":"BIM MESTRADO EM ENGENHARIA CIVIL &#8211; 3\u00aa EDI\u00c7\u00c3O"},"content":{"rendered":"<p><img loading=\"lazy\" decoding=\"async\" class=\"wp-image-6282 size-large alignnone\" src=\"https:\/\/www.civile.es\/wp-content\/uploads\/2021\/02\/PAGINA-1-1010x1024.jpg\" alt=\"\" width=\"1010\" height=\"1024\"><\/p>\n<p>Master reconhecido pela Ag\u00eancia de Certifica\u00e7\u00e3o Profissional ACP para o acesso \u00e0 certifica\u00e7\u00e3o profissional como BIM Manager.<\/p>\n<p>CivileBIM aposta num Master BIM em Engenharia Civil, com a colabora\u00e7\u00e3o da Demarca\u00e7\u00e3o da Andaluzia, Ceuta e Melilla da Associa\u00e7\u00e3o de Engenheiros Civis e o patroc\u00ednio de empresas com reconhecida experi\u00eancia no sector.<\/p>\n<p>Um Master criado por Profissionais para Profissionais, onde a garantia acad\u00e9mica \u00e9 apoiada pela vasta experi\u00eancia do corpo docente no mundo BIM.<\/p>\n<p><strong>Dire\u00e7\u00e3o T\u00e9cnica e Corpo Docente<\/strong>:<\/p>\n<p><img loading=\"lazy\" decoding=\"async\" class=\"alignnone wp-image-6491 size-large\" src=\"https:\/\/www.civile.es\/wp-content\/uploads\/2022\/03\/PAGINAS-18-19-1024x519.jpg\" alt=\"\" width=\"1024\" height=\"519\"><\/p>\n","protected":false},"excerpt":{"rendered":"<p>Master reconhecido pela Ag\u00eancia de Certifica\u00e7\u00e3o Profissional ACP para o acesso \u00e0 certifica\u00e7\u00e3o profissional como BIM Manager. CivileBIM aposta num Master BIM em Engenharia Civil, com a colabora\u00e7\u00e3o da Demarca\u00e7\u00e3o<\/p>\n","protected":false},"author":6,"featured_media":7487,"comment_status":"open","ping_status":"open","sticky":false,"template":"","format":"standard","meta":{"footnotes":""},"categories":[62],"tags":[],"class_list":["post-7707","post","type-post","status-publish","format-standard","has-post-thumbnail","hentry","category-formacao"],"yoast_head":"<!-- This site is optimized with the Yoast SEO plugin v27.4 - https:\/\/yoast.com\/product\/yoast-seo-wordpress\/ -->\n<title>BIM MESTRADO EM ENGENHARIA CIVIL - 3\u00aa EDI\u00c7\u00c3O - Civile<\/title>\n<meta name=\"robots\" content=\"index, follow, max-snippet:-1, max-image-preview:large, max-video-preview:-1\" \/>\n<link rel=\"canonical\" href=\"https:\/\/www.civile.es\/pt-pt\/bim-mestrado-em-engenharia-civil-3a-edicao\/\" \/>\n<meta property=\"og:locale\" content=\"pt_PT\" \/>\n<meta property=\"og:type\" content=\"article\" \/>\n<meta property=\"og:title\" content=\"BIM MESTRADO EM ENGENHARIA CIVIL - 3\u00aa EDI\u00c7\u00c3O - Civile\" \/>\n<meta property=\"og:description\" content=\"Master reconhecido pela Ag\u00eancia de Certifica\u00e7\u00e3o Profissional ACP para o acesso \u00e0 certifica\u00e7\u00e3o profissional como BIM Manager. CivileBIM aposta num Master BIM em Engenharia Civil, com a colabora\u00e7\u00e3o da Demarca\u00e7\u00e3o\" \/>\n<meta property=\"og:url\" content=\"https:\/\/www.civile.es\/pt-pt\/bim-mestrado-em-engenharia-civil-3a-edicao\/\" \/>\n<meta property=\"og:site_name\" content=\"Civile\" \/>\n<meta property=\"article:published_time\" content=\"2022-02-01T08:30:08+00:00\" \/>\n<meta property=\"article:modified_time\" content=\"2025-05-23T07:14:54+00:00\" \/>\n<meta property=\"og:image\" content=\"https:\/\/www.civile.es\/wp-content\/uploads\/2023\/02\/master-bim-1-1.jpg\" \/>\n\t<meta property=\"og:image:width\" content=\"900\" \/>\n\t<meta property=\"og:image:height\" content=\"913\" \/>\n\t<meta property=\"og:image:type\" content=\"image\/jpeg\" \/>\n<meta name=\"author\" content=\"Administracion Software\" \/>\n<meta name=\"twitter:card\" content=\"summary_large_image\" \/>\n<meta name=\"twitter:creator\" content=\"@civileicf\" \/>\n<meta name=\"twitter:site\" content=\"@civileicf\" \/>\n<meta name=\"twitter:label1\" content=\"Escrito por\" \/>\n\t<meta name=\"twitter:data1\" content=\"Administracion Software\" \/>\n<script type=\"application\/ld+json\" class=\"yoast-schema-graph\">{\"@context\":\"https:\\\/\\\/schema.org\",\"@graph\":[{\"@type\":\"Article\",\"@id\":\"https:\\\/\\\/www.civile.es\\\/pt-pt\\\/bim-mestrado-em-engenharia-civil-3a-edicao\\\/#article\",\"isPartOf\":{\"@id\":\"https:\\\/\\\/www.civile.es\\\/pt-pt\\\/bim-mestrado-em-engenharia-civil-3a-edicao\\\/\"},\"author\":{\"name\":\"Administracion Software\",\"@id\":\"https:\\\/\\\/www.civile.es\\\/pt-pt\\\/#\\\/schema\\\/person\\\/35b7780862464290503d05a222a37224\"},\"headline\":\"BIM MESTRADO EM ENGENHARIA CIVIL &#8211; 3\u00aa EDI\u00c7\u00c3O\",\"datePublished\":\"2022-02-01T08:30:08+00:00\",\"dateModified\":\"2025-05-23T07:14:54+00:00\",\"mainEntityOfPage\":{\"@id\":\"https:\\\/\\\/www.civile.es\\\/pt-pt\\\/bim-mestrado-em-engenharia-civil-3a-edicao\\\/\"},\"wordCount\":95,\"commentCount\":0,\"publisher\":{\"@id\":\"https:\\\/\\\/www.civile.es\\\/pt-pt\\\/#organization\"},\"image\":{\"@id\":\"https:\\\/\\\/www.civile.es\\\/pt-pt\\\/bim-mestrado-em-engenharia-civil-3a-edicao\\\/#primaryimage\"},\"thumbnailUrl\":\"https:\\\/\\\/www.civile.es\\\/wp-content\\\/uploads\\\/2023\\\/02\\\/master-bim-1-1.jpg\",\"articleSection\":[\"Forma\u00e7\u00e3o\"],\"inLanguage\":\"pt-PT\",\"potentialAction\":[{\"@type\":\"CommentAction\",\"name\":\"Comment\",\"target\":[\"https:\\\/\\\/www.civile.es\\\/pt-pt\\\/bim-mestrado-em-engenharia-civil-3a-edicao\\\/#respond\"]}]},{\"@type\":\"WebPage\",\"@id\":\"https:\\\/\\\/www.civile.es\\\/pt-pt\\\/bim-mestrado-em-engenharia-civil-3a-edicao\\\/\",\"url\":\"https:\\\/\\\/www.civile.es\\\/pt-pt\\\/bim-mestrado-em-engenharia-civil-3a-edicao\\\/\",\"name\":\"BIM MESTRADO EM ENGENHARIA CIVIL - 3\u00aa EDI\u00c7\u00c3O - Civile\",\"isPartOf\":{\"@id\":\"https:\\\/\\\/www.civile.es\\\/pt-pt\\\/#website\"},\"primaryImageOfPage\":{\"@id\":\"https:\\\/\\\/www.civile.es\\\/pt-pt\\\/bim-mestrado-em-engenharia-civil-3a-edicao\\\/#primaryimage\"},\"image\":{\"@id\":\"https:\\\/\\\/www.civile.es\\\/pt-pt\\\/bim-mestrado-em-engenharia-civil-3a-edicao\\\/#primaryimage\"},\"thumbnailUrl\":\"https:\\\/\\\/www.civile.es\\\/wp-content\\\/uploads\\\/2023\\\/02\\\/master-bim-1-1.jpg\",\"datePublished\":\"2022-02-01T08:30:08+00:00\",\"dateModified\":\"2025-05-23T07:14:54+00:00\",\"breadcrumb\":{\"@id\":\"https:\\\/\\\/www.civile.es\\\/pt-pt\\\/bim-mestrado-em-engenharia-civil-3a-edicao\\\/#breadcrumb\"},\"inLanguage\":\"pt-PT\",\"potentialAction\":[{\"@type\":\"ReadAction\",\"target\":[\"https:\\\/\\\/www.civile.es\\\/pt-pt\\\/bim-mestrado-em-engenharia-civil-3a-edicao\\\/\"]}]},{\"@type\":\"ImageObject\",\"inLanguage\":\"pt-PT\",\"@id\":\"https:\\\/\\\/www.civile.es\\\/pt-pt\\\/bim-mestrado-em-engenharia-civil-3a-edicao\\\/#primaryimage\",\"url\":\"https:\\\/\\\/www.civile.es\\\/wp-content\\\/uploads\\\/2023\\\/02\\\/master-bim-1-1.jpg\",\"contentUrl\":\"https:\\\/\\\/www.civile.es\\\/wp-content\\\/uploads\\\/2023\\\/02\\\/master-bim-1-1.jpg\",\"width\":900,\"height\":913},{\"@type\":\"BreadcrumbList\",\"@id\":\"https:\\\/\\\/www.civile.es\\\/pt-pt\\\/bim-mestrado-em-engenharia-civil-3a-edicao\\\/#breadcrumb\",\"itemListElement\":[{\"@type\":\"ListItem\",\"position\":1,\"name\":\"Portada\",\"item\":\"https:\\\/\\\/www.civile.es\\\/pt-pt\\\/casa\\\/\"},{\"@type\":\"ListItem\",\"position\":2,\"name\":\"BIM MESTRADO EM ENGENHARIA CIVIL &#8211; 3\u00aa EDI\u00c7\u00c3O\"}]},{\"@type\":\"WebSite\",\"@id\":\"https:\\\/\\\/www.civile.es\\\/pt-pt\\\/#website\",\"url\":\"https:\\\/\\\/www.civile.es\\\/pt-pt\\\/\",\"name\":\"Civile Ingenier\u00eda, Consultor\u00eda y Formaci\u00f3n\",\"description\":\"Civile\",\"publisher\":{\"@id\":\"https:\\\/\\\/www.civile.es\\\/pt-pt\\\/#organization\"},\"potentialAction\":[{\"@type\":\"SearchAction\",\"target\":{\"@type\":\"EntryPoint\",\"urlTemplate\":\"https:\\\/\\\/www.civile.es\\\/pt-pt\\\/?s={search_term_string}\"},\"query-input\":{\"@type\":\"PropertyValueSpecification\",\"valueRequired\":true,\"valueName\":\"search_term_string\"}}],\"inLanguage\":\"pt-PT\"},{\"@type\":\"Organization\",\"@id\":\"https:\\\/\\\/www.civile.es\\\/pt-pt\\\/#organization\",\"name\":\"Civile Ingenier\u00eda, Consultor\u00eda y Formaci\u00f3n\",\"url\":\"https:\\\/\\\/www.civile.es\\\/pt-pt\\\/\",\"logo\":{\"@type\":\"ImageObject\",\"inLanguage\":\"pt-PT\",\"@id\":\"https:\\\/\\\/www.civile.es\\\/pt-pt\\\/#\\\/schema\\\/logo\\\/image\\\/\",\"url\":\"https:\\\/\\\/www.civile.es\\\/wp-content\\\/uploads\\\/2023\\\/02\\\/LOGOTIPOS-CIVILE-con-lema.png\",\"contentUrl\":\"https:\\\/\\\/www.civile.es\\\/wp-content\\\/uploads\\\/2023\\\/02\\\/LOGOTIPOS-CIVILE-con-lema.png\",\"width\":400,\"height\":139,\"caption\":\"Civile Ingenier\u00eda, Consultor\u00eda y Formaci\u00f3n\"},\"image\":{\"@id\":\"https:\\\/\\\/www.civile.es\\\/pt-pt\\\/#\\\/schema\\\/logo\\\/image\\\/\"},\"sameAs\":[\"https:\\\/\\\/x.com\\\/civileicf\",\"https:\\\/\\\/www.linkedin.com\\\/company\\\/2911193\"]},{\"@type\":\"Person\",\"@id\":\"https:\\\/\\\/www.civile.es\\\/pt-pt\\\/#\\\/schema\\\/person\\\/35b7780862464290503d05a222a37224\",\"name\":\"Administracion Software\",\"image\":{\"@type\":\"ImageObject\",\"inLanguage\":\"pt-PT\",\"@id\":\"https:\\\/\\\/secure.gravatar.com\\\/avatar\\\/6ab1b8a2c80d9303087b45284462b07df691e0798494ab771500bfe1fa02e8ba?s=96&d=mm&r=g\",\"url\":\"https:\\\/\\\/secure.gravatar.com\\\/avatar\\\/6ab1b8a2c80d9303087b45284462b07df691e0798494ab771500bfe1fa02e8ba?s=96&d=mm&r=g\",\"contentUrl\":\"https:\\\/\\\/secure.gravatar.com\\\/avatar\\\/6ab1b8a2c80d9303087b45284462b07df691e0798494ab771500bfe1fa02e8ba?s=96&d=mm&r=g\",\"caption\":\"Administracion Software\"},\"url\":\"https:\\\/\\\/www.civile.es\\\/pt-pt\\\/author\\\/administracionsoftware\\\/\"}]}<\/script>\n<!-- \/ Yoast SEO plugin. -->","yoast_head_json":{"title":"BIM MESTRADO EM ENGENHARIA CIVIL - 3\u00aa EDI\u00c7\u00c3O - Civile","robots":{"index":"index","follow":"follow","max-snippet":"max-snippet:-1","max-image-preview":"max-image-preview:large","max-video-preview":"max-video-preview:-1"},"canonical":"https:\/\/www.civile.es\/pt-pt\/bim-mestrado-em-engenharia-civil-3a-edicao\/","og_locale":"pt_PT","og_type":"article","og_title":"BIM MESTRADO EM ENGENHARIA CIVIL - 3\u00aa EDI\u00c7\u00c3O - Civile","og_description":"Master reconhecido pela Ag\u00eancia de Certifica\u00e7\u00e3o Profissional ACP para o acesso \u00e0 certifica\u00e7\u00e3o profissional como BIM Manager. CivileBIM aposta num Master BIM em Engenharia Civil, com a colabora\u00e7\u00e3o da Demarca\u00e7\u00e3o","og_url":"https:\/\/www.civile.es\/pt-pt\/bim-mestrado-em-engenharia-civil-3a-edicao\/","og_site_name":"Civile","article_published_time":"2022-02-01T08:30:08+00:00","article_modified_time":"2025-05-23T07:14:54+00:00","og_image":[{"width":900,"height":913,"url":"https:\/\/www.civile.es\/wp-content\/uploads\/2023\/02\/master-bim-1-1.jpg","type":"image\/jpeg"}],"author":"Administracion Software","twitter_card":"summary_large_image","twitter_creator":"@civileicf","twitter_site":"@civileicf","twitter_misc":{"Escrito por":"Administracion Software"},"schema":{"@context":"https:\/\/schema.org","@graph":[{"@type":"Article","@id":"https:\/\/www.civile.es\/pt-pt\/bim-mestrado-em-engenharia-civil-3a-edicao\/#article","isPartOf":{"@id":"https:\/\/www.civile.es\/pt-pt\/bim-mestrado-em-engenharia-civil-3a-edicao\/"},"author":{"name":"Administracion Software","@id":"https:\/\/www.civile.es\/pt-pt\/#\/schema\/person\/35b7780862464290503d05a222a37224"},"headline":"BIM MESTRADO EM ENGENHARIA CIVIL &#8211; 3\u00aa EDI\u00c7\u00c3O","datePublished":"2022-02-01T08:30:08+00:00","dateModified":"2025-05-23T07:14:54+00:00","mainEntityOfPage":{"@id":"https:\/\/www.civile.es\/pt-pt\/bim-mestrado-em-engenharia-civil-3a-edicao\/"},"wordCount":95,"commentCount":0,"publisher":{"@id":"https:\/\/www.civile.es\/pt-pt\/#organization"},"image":{"@id":"https:\/\/www.civile.es\/pt-pt\/bim-mestrado-em-engenharia-civil-3a-edicao\/#primaryimage"},"thumbnailUrl":"https:\/\/www.civile.es\/wp-content\/uploads\/2023\/02\/master-bim-1-1.jpg","articleSection":["Forma\u00e7\u00e3o"],"inLanguage":"pt-PT","potentialAction":[{"@type":"CommentAction","name":"Comment","target":["https:\/\/www.civile.es\/pt-pt\/bim-mestrado-em-engenharia-civil-3a-edicao\/#respond"]}]},{"@type":"WebPage","@id":"https:\/\/www.civile.es\/pt-pt\/bim-mestrado-em-engenharia-civil-3a-edicao\/","url":"https:\/\/www.civile.es\/pt-pt\/bim-mestrado-em-engenharia-civil-3a-edicao\/","name":"BIM MESTRADO EM ENGENHARIA CIVIL - 3\u00aa EDI\u00c7\u00c3O - Civile","isPartOf":{"@id":"https:\/\/www.civile.es\/pt-pt\/#website"},"primaryImageOfPage":{"@id":"https:\/\/www.civile.es\/pt-pt\/bim-mestrado-em-engenharia-civil-3a-edicao\/#primaryimage"},"image":{"@id":"https:\/\/www.civile.es\/pt-pt\/bim-mestrado-em-engenharia-civil-3a-edicao\/#primaryimage"},"thumbnailUrl":"https:\/\/www.civile.es\/wp-content\/uploads\/2023\/02\/master-bim-1-1.jpg","datePublished":"2022-02-01T08:30:08+00:00","dateModified":"2025-05-23T07:14:54+00:00","breadcrumb":{"@id":"https:\/\/www.civile.es\/pt-pt\/bim-mestrado-em-engenharia-civil-3a-edicao\/#breadcrumb"},"inLanguage":"pt-PT","potentialAction":[{"@type":"ReadAction","target":["https:\/\/www.civile.es\/pt-pt\/bim-mestrado-em-engenharia-civil-3a-edicao\/"]}]},{"@type":"ImageObject","inLanguage":"pt-PT","@id":"https:\/\/www.civile.es\/pt-pt\/bim-mestrado-em-engenharia-civil-3a-edicao\/#primaryimage","url":"https:\/\/www.civile.es\/wp-content\/uploads\/2023\/02\/master-bim-1-1.jpg","contentUrl":"https:\/\/www.civile.es\/wp-content\/uploads\/2023\/02\/master-bim-1-1.jpg","width":900,"height":913},{"@type":"BreadcrumbList","@id":"https:\/\/www.civile.es\/pt-pt\/bim-mestrado-em-engenharia-civil-3a-edicao\/#breadcrumb","itemListElement":[{"@type":"ListItem","position":1,"name":"Portada","item":"https:\/\/www.civile.es\/pt-pt\/casa\/"},{"@type":"ListItem","position":2,"name":"BIM MESTRADO EM ENGENHARIA CIVIL &#8211; 3\u00aa EDI\u00c7\u00c3O"}]},{"@type":"WebSite","@id":"https:\/\/www.civile.es\/pt-pt\/#website","url":"https:\/\/www.civile.es\/pt-pt\/","name":"Civile Ingenier\u00eda, Consultor\u00eda y Formaci\u00f3n","description":"Civile","publisher":{"@id":"https:\/\/www.civile.es\/pt-pt\/#organization"},"potentialAction":[{"@type":"SearchAction","target":{"@type":"EntryPoint","urlTemplate":"https:\/\/www.civile.es\/pt-pt\/?s={search_term_string}"},"query-input":{"@type":"PropertyValueSpecification","valueRequired":true,"valueName":"search_term_string"}}],"inLanguage":"pt-PT"},{"@type":"Organization","@id":"https:\/\/www.civile.es\/pt-pt\/#organization","name":"Civile Ingenier\u00eda, Consultor\u00eda y Formaci\u00f3n","url":"https:\/\/www.civile.es\/pt-pt\/","logo":{"@type":"ImageObject","inLanguage":"pt-PT","@id":"https:\/\/www.civile.es\/pt-pt\/#\/schema\/logo\/image\/","url":"https:\/\/www.civile.es\/wp-content\/uploads\/2023\/02\/LOGOTIPOS-CIVILE-con-lema.png","contentUrl":"https:\/\/www.civile.es\/wp-content\/uploads\/2023\/02\/LOGOTIPOS-CIVILE-con-lema.png","width":400,"height":139,"caption":"Civile Ingenier\u00eda, Consultor\u00eda y Formaci\u00f3n"},"image":{"@id":"https:\/\/www.civile.es\/pt-pt\/#\/schema\/logo\/image\/"},"sameAs":["https:\/\/x.com\/civileicf","https:\/\/www.linkedin.com\/company\/2911193"]},{"@type":"Person","@id":"https:\/\/www.civile.es\/pt-pt\/#\/schema\/person\/35b7780862464290503d05a222a37224","name":"Administracion Software","image":{"@type":"ImageObject","inLanguage":"pt-PT","@id":"https:\/\/secure.gravatar.com\/avatar\/6ab1b8a2c80d9303087b45284462b07df691e0798494ab771500bfe1fa02e8ba?s=96&d=mm&r=g","url":"https:\/\/secure.gravatar.com\/avatar\/6ab1b8a2c80d9303087b45284462b07df691e0798494ab771500bfe1fa02e8ba?s=96&d=mm&r=g","contentUrl":"https:\/\/secure.gravatar.com\/avatar\/6ab1b8a2c80d9303087b45284462b07df691e0798494ab771500bfe1fa02e8ba?s=96&d=mm&r=g","caption":"Administracion Software"},"url":"https:\/\/www.civile.es\/pt-pt\/author\/administracionsoftware\/"}]}},"_links":{"self":[{"href":"https:\/\/www.civile.es\/pt-pt\/wp-json\/wp\/v2\/posts\/7707","targetHints":{"allow":["GET"]}}],"collection":[{"href":"https:\/\/www.civile.es\/pt-pt\/wp-json\/wp\/v2\/posts"}],"about":[{"href":"https:\/\/www.civile.es\/pt-pt\/wp-json\/wp\/v2\/types\/post"}],"author":[{"embeddable":true,"href":"https:\/\/www.civile.es\/pt-pt\/wp-json\/wp\/v2\/users\/6"}],"replies":[{"embeddable":true,"href":"https:\/\/www.civile.es\/pt-pt\/wp-json\/wp\/v2\/comments?post=7707"}],"version-history":[{"count":1,"href":"https:\/\/www.civile.es\/pt-pt\/wp-json\/wp\/v2\/posts\/7707\/revisions"}],"predecessor-version":[{"id":7709,"href":"https:\/\/www.civile.es\/pt-pt\/wp-json\/wp\/v2\/posts\/7707\/revisions\/7709"}],"wp:featuredmedia":[{"embeddable":true,"href":"https:\/\/www.civile.es\/pt-pt\/wp-json\/wp\/v2\/media\/7487"}],"wp:attachment":[{"href":"https:\/\/www.civile.es\/pt-pt\/wp-json\/wp\/v2\/media?parent=7707"}],"wp:term":[{"taxonomy":"category","embeddable":true,"href":"https:\/\/www.civile.es\/pt-pt\/wp-json\/wp\/v2\/categories?post=7707"},{"taxonomy":"post_tag","embeddable":true,"href":"https:\/\/www.civile.es\/pt-pt\/wp-json\/wp\/v2\/tags?post=7707"}],"curies":[{"name":"wp","href":"https:\/\/api.w.org\/{rel}","templated":true}]}}